{"id":20809,"date":"2023-05-16T12:15:42","date_gmt":"2023-05-16T10:15:42","guid":{"rendered":"https:\/\/lombardialifesciences.it\/foro-regionale-ricerca-e-innovazione-i-10-esperti-a-palazzo-lombardia\/"},"modified":"2023-10-17T09:36:25","modified_gmt":"2023-10-17T07:36:25","slug":"foro-regionale-ricerca-e-innovazione-i-10-esperti-a-palazzo-lombardia","status":"publish","type":"post","link":"https:\/\/lombardialifesciences.it\/en\/foro-regionale-ricerca-e-innovazione-i-10-esperti-a-palazzo-lombardia\/","title":{"rendered":"Foro regionale R&#038;I: 10 esperti riuniti a Palazzo Lombardia"},"content":{"rendered":"<p>Si \u00e8 riunito per la prima volta in presenza il comitato di dieci saggi che ha il compito di supportare Regione Lombardia nella definizione delle politiche legate a <strong>ricerca e innovazione<\/strong>.<\/p>\n<p>Si tratta di un organismo indipendente, con funzioni consultive, propositive e informative per aggiornare Regione Lombardia sulle ultime frontiere scientifiche e tecnologiche, ma anche per aiutare l\u2019ente a rapportarsi con i cittadini su questi temi.<\/p>\n<p>I dieci esperti sono stati accolti dall\u2019assessore alla Ricerca, Innovazione e Universit\u00e0 \u2013 Alessandro Fermi.<\/p>\n<p>\u201cHo chiesto loro\u00a0un grande lavoro di squadra &#8211;\u00a0ha detto Fermi &#8211; come ho sempre voluto nella mia vita amministrativa. Questo \u00e8 un Foro indipendente ed \u00e8 un bene che sia cos\u00ec. Abbiamo una grande prospettiva e\u00a0una grande responsabilit\u00e0 sulla nuova programmazione\u00a0e il nuovo sviluppo e abbiamo a disposizione anche un po\u2019 di risorse e questo \u00e8 allo stesso tempo stimolante e responsabilizzante\u201d.<\/p>\n<p>\u201cDobbiamo fare in modo che queste risorse \u2013 ha concluso Fermi \u2013 portino alla crescita della nostra Lombardia e generino un volano di sviluppo. \u00c8 nostro interesse coinvolgere in questo progetto tutti gli assessorati e sicuramente faremo un buon lavoro insieme\u201d.<\/p>\n<p>Fermi ha poi sottolineato anche il coinvolgimento diretto dei cittadini nelle politiche di R&amp;I per un approccio attento ai potenziali impatti sociali dell\u2019innovazione tecnologica.<\/p>\n<p>I dieci componenti del Foro (in carica per tre anni a partire dal 1\u00b0 gennaio 2023) sono stati scelti da una Commissione <span style=\"color: #000000;\">tecnica<\/span> di valutazione tra profili altamente qualificati nell\u2019ambito delle discipline scientifiche, sociali e umanistiche, con competenze in particolare sui rapporti tra tecnologia, scienza e societ\u00e0.<\/p>\n<p>Si tratta di esperti al lavoro in enti sia italiani, sia stranieri. I profili dei componenti possono esser consultati <a href=\"https:\/\/www.openinnovation.regione.lombardia.it\/it\/contesto-strategico\/foro-regionale\/edizione-2023-foro-regionale\">qui<\/a>.<\/p>\n<p>Per conoscere\u00a0i profili dei dieci esperti e le loro competenze\u00a0vai alla\u00a0pagina dell\u2019edizione 2023 del Foro regionale.<\/p>\n<p>Tra i diversi compiti, il Foro dovr\u00e0 contribuire alla definizione del prossimo Programma Strategico Triennale per la Ricerca e l\u2019Innovazione (PST) di Regione Lombardia: un documento particolarmente importante, alla sua terza edizione, da approvare entro la fine dell\u2019anno per il triennio 2024-2026 e su cui l\u2019ente punta molto per rafforzare la programmazione delle azioni in ambito R&amp;I.<\/p>\n","protected":false},"excerpt":{"rendered":"<p>Si \u00e8 riunito per la prima volta in presenza il comitato di dieci saggi che ha il compito di support&#8230;<\/p>\n","protected":false},"author":1,"featured_media":11342,"comment_status":"closed","ping_status":"open","sticky":false,"template":"","format":"standard","meta":{"inline_featured_image":false,"footnotes":""},"categories":[44],"tags":[413,80,139],"class_list":["post-20809","post","type-post","status-publish","format-standard","has-post-thumbnail","hentry","category-news","tag-esperti","tag-regione-lombardia","tag-ricerca-e-innovazione"],"acf":[],"_links":{"self":[{"href":"https:\/\/lombardialifesciences.it\/en\/wp-json\/wp\/v2\/posts\/20809","targetHints":{"allow":["GET"]}}],"collection":[{"href":"https:\/\/lombardialifesciences.it\/en\/wp-json\/wp\/v2\/posts"}],"about":[{"href":"https:\/\/lombardialifesciences.it\/en\/wp-json\/wp\/v2\/types\/post"}],"author":[{"embeddable":true,"href":"https:\/\/lombardialifesciences.it\/en\/wp-json\/wp\/v2\/users\/1"}],"replies":[{"embeddable":true,"href":"https:\/\/lombardialifesciences.it\/en\/wp-json\/wp\/v2\/comments?post=20809"}],"version-history":[{"count":1,"href":"https:\/\/lombardialifesciences.it\/en\/wp-json\/wp\/v2\/posts\/20809\/revisions"}],"predecessor-version":[{"id":20851,"href":"https:\/\/lombardialifesciences.it\/en\/wp-json\/wp\/v2\/posts\/20809\/revisions\/20851"}],"wp:featuredmedia":[{"embeddable":true,"href":"https:\/\/lombardialifesciences.it\/en\/wp-json\/wp\/v2\/media\/11342"}],"wp:attachment":[{"href":"https:\/\/lombardialifesciences.it\/en\/wp-json\/wp\/v2\/media?parent=20809"}],"wp:term":[{"taxonomy":"category","embeddable":true,"href":"https:\/\/lombardialifesciences.it\/en\/wp-json\/wp\/v2\/categories?post=20809"},{"taxonomy":"post_tag","embeddable":true,"href":"https:\/\/lombardialifesciences.it\/en\/wp-json\/wp\/v2\/tags?post=20809"}],"curies":[{"name":"wp","href":"https:\/\/api.w.org\/{rel}","templated":true}]}}